{"id":2605,"date":"2019-09-27T15:08:06","date_gmt":"2019-09-27T13:08:06","guid":{"rendered":"https:\/\/www.alcove-lyon.com\/?p=2605"},"modified":"2019-10-10T16:44:12","modified_gmt":"2019-10-10T14:44:12","slug":"la-petite-interview-de-julien-pelissou","status":"publish","type":"post","link":"https:\/\/www.alcove-lyon.com\/en\/la-petite-interview-de-julien-pelissou\/","title":{"rendered":"La Petite Interview de Julien Pelissou"},"content":{"rendered":"\n<p><\/p>\n\n\n\n<p>La petite interview permet de revenir sur les <a href=\"https:\/\/www.alcove-lyon.com\/portfolio\/exposition-julien-pelissou\/\">dix jours d&#8217;exposition d&#8217;un de nos artistes invit\u00e9s. <\/a>Le premier de cette s\u00e9rie est le sculpteur Julien Pelissou. Ses sculptures ont empli la galerie d&#8217;une atmosph\u00e8re mythologique, peupl\u00e9e de cr\u00e9ateurs et d&#8217;animaux en tout genre. Le public, intrigu\u00e9 et curieux par ses personnages cr\u00e9\u00e9s \u00e0 partir de mat\u00e9riaux de r\u00e9cup\u00e9rations les ont plong\u00e9 dans une toute nouvelle dimension. <\/p>\n\n\n\n<p>Afin de comprendre davantage l&#8217;univers du sculpteur nous lui avons pos\u00e9 quelques questions :  <\/p>\n\n\n\n<h5 class=\"wp-block-heading\"><strong>1. Pr\u00e9sentes toi en quelques mots, ceux qui te caract\u00e9risent le plus et qui sont en lien avec ton art.<\/strong><\/h5>\n\n\n\n<p><em>Un m\u00e9lange entre un m\u00e9canicien et un po\u00e8te&nbsp;: je cr\u00e9\u00e9e des personnages sortis de mon imagination mais qui auraient pu \u00eatre les reliques de civilisations disparues ou oubli\u00e9es<\/em><\/p>\n\n\n\n<h5 class=\"wp-block-heading\"><strong>2. Qu\u2019est-ce qui te plait dans le mat\u00e9riel de r\u00e9cup\u00e9ration ? O\u00f9 trouves-tu tes pi\u00e8ces de r\u00e9cup\u00e9ration ? Peut-on t\u2019en donner \u00e9galement ? <\/strong><\/h5>\n\n\n\n<p><em>J\u2019aime les m\u00e9taux de r\u00e9cup\u00e9ration car ils ont du v\u00e9cu, des traces du temps ou de l\u2019usage de leurs propri\u00e9taires pr\u00e9c\u00e9dents. Ils ont eu une fonction, ont \u00e9t\u00e9 achet\u00e9s puis abandonn\u00e9s. C\u2019est \u00e0 ce moment que j\u2019interviens. Je les trouve un peu partout&nbsp;: dans les fermes, chez les ferrailleurs, dans les garages, les brocantes\u2026 Et oui bien s\u00fbr, on peut m\u2019en donner. Mais il faut qu\u2019ils me plaisent&nbsp;!<\/em><\/p>\n\n\n\n<ul class=\"wp-block-gallery columns-3 is-cropped wp-block-gallery-1 is-layout-flex wp-block-gallery-is-layout-flex\"><li class=\"blocks-gallery-item\"><figure><img loading=\"lazy\" decoding=\"async\" width=\"500\" height=\"667\" src=\"https:\/\/www.alcove-lyon.com\/wp-content\/uploads\/2019\/09\/Julien-Pelissoublog2.jpg\" alt=\"\" data-id=\"2616\" class=\"wp-image-2616\" srcset=\"https:\/\/www.alcove-lyon.com\/wp-content\/uploads\/2019\/09\/Julien-Pelissoublog2.jpg 500w, https:\/\/www.alcove-lyon.com\/wp-content\/uploads\/2019\/09\/Julien-Pelissoublog2-225x300.jpg 225w\" sizes=\"auto, (max-width: 500px) 100vw, 500px\" \/><\/figure><\/li><li class=\"blocks-gallery-item\"><figure><img loading=\"lazy\" decoding=\"async\" width=\"500\" height=\"808\" src=\"https:\/\/www.alcove-lyon.com\/wp-content\/uploads\/2019\/09\/Julien-Pelissoublog3-1.jpg\" alt=\"\" data-id=\"2617\" data-link=\"https:\/\/www.alcove-lyon.com\/?attachment_id=2617\" class=\"wp-image-2617\" srcset=\"https:\/\/www.alcove-lyon.com\/wp-content\/uploads\/2019\/09\/Julien-Pelissoublog3-1.jpg 500w, https:\/\/www.alcove-lyon.com\/wp-content\/uploads\/2019\/09\/Julien-Pelissoublog3-1-186x300.jpg 186w\" sizes=\"auto, (max-width: 500px) 100vw, 500px\" \/><\/figure><\/li><li class=\"blocks-gallery-item\"><figure><img loading=\"lazy\" decoding=\"async\" width=\"500\" height=\"682\" src=\"https:\/\/www.alcove-lyon.com\/wp-content\/uploads\/2019\/09\/Julien-Pelissoublog4.jpg\" alt=\"\" data-id=\"2618\" data-link=\"https:\/\/www.alcove-lyon.com\/?attachment_id=2618\" class=\"wp-image-2618\" srcset=\"https:\/\/www.alcove-lyon.com\/wp-content\/uploads\/2019\/09\/Julien-Pelissoublog4.jpg 500w, https:\/\/www.alcove-lyon.com\/wp-content\/uploads\/2019\/09\/Julien-Pelissoublog4-220x300.jpg 220w\" sizes=\"auto, (max-width: 500px) 100vw, 500px\" \/><\/figure><\/li><\/ul>\n\n\n\n<h5 class=\"wp-block-heading\"><strong>3. Quel est ton processus de cr\u00e9ation ?<\/strong><\/h5>\n\n\n\n<p><em>Je pars de l\u2019id\u00e9e, de la figure que j\u2019ai envie de r\u00e9aliser. Je travaille g\u00e9n\u00e9ralement \u00e0 partir d\u2019un dessin \u00e0 la craie sur le sol. Ce dessin est r\u00e9alis\u00e9 suite \u00e0 un travail documentaire : je consulte des livres, j\u2019imprime des photos\u2026 Puis je vais puiser dans mon stock des \u00e9l\u00e9ments qui me plaisent et qui peuvent convenir pour une partie de la sculpture.<\/em><\/p>\n\n\n\n<h5 class=\"wp-block-heading\"><strong>4. Combien de temps prends-tu pour cr\u00e9er une \u0153uvre, par exemple Le Tigre ? <\/strong><\/h5>\n\n\n\n<p><em>Le tigre c\u2019est beaucoup de travail pr\u00e9alable pour d\u00e9finir l\u2019attitude et trouver les proportions justes. J\u2019ai d\u00fb m\u2019y reprendre \u00e0 plusieurs fois sur la longueur des pattes, la position de la t\u00eate ou la longueur du cou. Celle-ci m\u2019a pris environ une quinzaine de jours.<\/em><\/p>\n\n\n\n<ul class=\"wp-block-gallery columns-1 is-cropped wp-block-gallery-2 is-layout-flex wp-block-gallery-is-layout-flex\"><li class=\"blocks-gallery-item\"><figure><img loading=\"lazy\" decoding=\"async\" width=\"1024\" height=\"768\" src=\"https:\/\/www.alcove-lyon.com\/wp-content\/uploads\/2019\/09\/20190921_153203-1024x768.jpg\" alt=\"\" data-id=\"2612\" data-link=\"https:\/\/www.alcove-lyon.com\/?attachment_id=2612\" class=\"wp-image-2612\" srcset=\"https:\/\/www.alcove-lyon.com\/wp-content\/uploads\/2019\/09\/20190921_153203-1024x768.jpg 1024w, https:\/\/www.alcove-lyon.com\/wp-content\/uploads\/2019\/09\/20190921_153203-300x225.jpg 300w, https:\/\/www.alcove-lyon.com\/wp-content\/uploads\/2019\/09\/20190921_153203-768x576.jpg 768w, https:\/\/www.alcove-lyon.com\/wp-content\/uploads\/2019\/09\/20190921_153203-500x375.jpg 500w, https:\/\/www.alcove-lyon.com\/wp-content\/uploads\/2019\/09\/20190921_153203-640x480.jpg 640w, https:\/\/www.alcove-lyon.com\/wp-content\/uploads\/2019\/09\/20190921_153203-1100x825.jpg 1100w, https:\/\/www.alcove-lyon.com\/wp-content\/uploads\/2019\/09\/20190921_153203-1600x1200.jpg 1600w, https:\/\/www.alcove-lyon.com\/wp-content\/uploads\/2019\/09\/20190921_153203-1920x1440.jpg 1920w, https:\/\/www.alcove-lyon.com\/wp-content\/uploads\/2019\/09\/20190921_153203-600x450.jpg 600w\" sizes=\"auto, (max-width: 1024px) 100vw, 1024px\" \/><\/figure><\/li><\/ul>\n\n\n\n<h5 class=\"wp-block-heading\"><strong>5. Pourquoi choisir des sujets\/ r\u00e9f\u00e9rences mythologiques&nbsp;? <\/strong><\/h5>\n\n\n\n<p><em>Je trouve que la mythologie raisonne encore de mani\u00e8re particuli\u00e8re aujourd\u2019hui. De plus, c\u2019est un univers \u00e0 la fois tr\u00e8s fantasque mais aussi tr\u00e8s sombre. C\u2019est plut\u00f4t inspirant. <\/em><\/p>\n\n\n\n<figure class=\"wp-block-image\"><img loading=\"lazy\" decoding=\"async\" width=\"500\" height=\"365\" src=\"https:\/\/www.alcove-lyon.com\/wp-content\/uploads\/2019\/09\/Julien-Pelissoublog1-2.jpg\" alt=\"\" class=\"wp-image-2625\" srcset=\"https:\/\/www.alcove-lyon.com\/wp-content\/uploads\/2019\/09\/Julien-Pelissoublog1-2.jpg 500w, https:\/\/www.alcove-lyon.com\/wp-content\/uploads\/2019\/09\/Julien-Pelissoublog1-2-300x219.jpg 300w\" sizes=\"auto, (max-width: 500px) 100vw, 500px\" \/><\/figure>\n\n\n\n<h5 class=\"wp-block-heading\"><strong>6. Quel est ton moment pr\u00e9f\u00e9r\u00e9 pour travailler dans ton atelier&nbsp;? <\/strong><\/h5>\n\n\n\n<p><em>La journ\u00e9e&nbsp;! Le matin c\u2019est trop t\u00f4t, et le soir je pense que mes voisins ne seraient pas tr\u00e8s contents si je faisais du bruit toute la nuit&nbsp;!<\/em><\/p>\n\n\n\n<h5 class=\"wp-block-heading\"><strong>7. Quel est ton objectif \u00e0 travers l\u2019art ?<\/strong><\/h5>\n\n\n\n<p><em>Mon objectif c\u2019est d\u2019abord de m\u2019amuser, de faire des choses qui me plaisent et pour lesquelles je prends du plaisir. J\u2019aime aussi l\u2019id\u00e9e d\u2019exprimer certains de mes sentiments ou des \u00e9l\u00e9ments du monde moderne \u00e0 travers mes sculptures.<\/em><\/p>\n\n\n\n<h5 class=\"wp-block-heading\"><strong>8. Quels sont tes futurs projets&nbsp;artistiques&nbsp;? <\/strong><\/h5>\n\n\n\n<p><em>Je ne sais pas encore trop bien. Je crois que je vais continuer ce que je fais. Peut-\u00eatre \u00e9purer plus mes pi\u00e8ces pour me concentrer sur un mouvement ou une attitude&nbsp;?<\/em><\/p>\n\n\n\n<p>Vous n&#8217;avez pas encore vu notre nouvelle s\u00e9rie vid\u00e9o La Petite Interview ?<\/p>\n\n\n\n<figure class=\"wp-block-embed-facebook wp-block-embed is-type-video is-provider-facebook\"><div class=\"wp-block-embed__wrapper\">\n<div id=\"fb-root\"><\/div><script async=\"1\" defer=\"1\" crossorigin=\"anonymous\" src=\"https:\/\/connect.facebook.net\/fr_FR\/sdk.js#xfbml=1&amp;version=v4.0\"><\/script><div class=\"fb-video\" data-href=\"https:\/\/www.facebook.com\/galerie.alcove\/videos\/851618875232973\/\" data-width=\"1100\"><blockquote cite=\"https:\/\/www.facebook.com\/galerie.alcove\/videos\/851618875232973\/\" class=\"fb-xfbml-parse-ignore\"><a href=\"https:\/\/www.facebook.com\/galerie.alcove\/videos\/851618875232973\/\">La Petite Interview de Julien Pelissou<\/a><p>Le sculpteur, Julien Pelissou, a r\u00e9pondu aux questions pour &quot;La Petite Interview&quot;. Nouvelle s\u00e9rie cr\u00e9\u00e9e par l&#039;Alcove pour conna\u00eetre davantage les artistes qui exposent dans la galerie.Elle est compl\u00e9t\u00e9e par un article que vous trouverez sur notre site Internet :https:\/\/www.alcove-lyon.com\/la-petite-interview-de-julien-pelissou\/<\/p>Publi\u00e9e par <a href=\"https:\/\/www.facebook.com\/galerie.alcove\/\">L&#039;Alcove, atelier Leynaud de cr\u00e9ation d&#039;objets visuels<\/a> sur Lundi 7 octobre 2019<\/blockquote><\/div>\n<\/div><\/figure>\n\n\n\n<p style=\"font-size:12px\"> <br><strong><em>R\u00e9daction :&nbsp;<a href=\"https:\/\/www.linkedin.com\/in\/c%C3%A9lia-chabaudie-043705bb\/?originalSubdomain=fr\">C\u00e9lia Chabaudie<\/a><\/em><\/strong> <\/p>\n","protected":false},"excerpt":{"rendered":"<p>La petite interview permet de revenir sur les dix jours d&#8217;exposition d&#8217;un de nos artistes invit\u00e9s. Le premier de cette s\u00e9rie est le sculpteur Julien Pelissou. Ses sculptures ont empli la galerie d&#8217;une atmosph\u00e8re mythologique, peupl\u00e9e de cr\u00e9ateurs et d&#8217;animaux en tout genre. Le public, intrigu\u00e9 et curieux par ses personnages cr\u00e9\u00e9s \u00e0 partir de&hellip;<\/p>\n","protected":false},"author":1,"featured_media":2615,"comment_status":"open","ping_status":"open","sticky":false,"template":"","format":"standard","meta":{"_monsterinsights_skip_tracking":false,"_monsterinsights_sitenote_active":false,"_monsterinsights_sitenote_note":"","_monsterinsights_sitenote_category":0,"footnotes":""},"categories":[120],"tags":[],"class_list":["post-2605","post","type-post","status-publish","format-standard","has-post-thumbnail","hentry","category-la-petite-interview"],"_links":{"self":[{"href":"https:\/\/www.alcove-lyon.com\/en\/wp-json\/wp\/v2\/posts\/2605","targetHints":{"allow":["GET"]}}],"collection":[{"href":"https:\/\/www.alcove-lyon.com\/en\/wp-json\/wp\/v2\/posts"}],"about":[{"href":"https:\/\/www.alcove-lyon.com\/en\/wp-json\/wp\/v2\/types\/post"}],"author":[{"embeddable":true,"href":"https:\/\/www.alcove-lyon.com\/en\/wp-json\/wp\/v2\/users\/1"}],"replies":[{"embeddable":true,"href":"https:\/\/www.alcove-lyon.com\/en\/wp-json\/wp\/v2\/comments?post=2605"}],"version-history":[{"count":12,"href":"https:\/\/www.alcove-lyon.com\/en\/wp-json\/wp\/v2\/posts\/2605\/revisions"}],"predecessor-version":[{"id":2657,"href":"https:\/\/www.alcove-lyon.com\/en\/wp-json\/wp\/v2\/posts\/2605\/revisions\/2657"}],"wp:featuredmedia":[{"embeddable":true,"href":"https:\/\/www.alcove-lyon.com\/en\/wp-json\/wp\/v2\/media\/2615"}],"wp:attachment":[{"href":"https:\/\/www.alcove-lyon.com\/en\/wp-json\/wp\/v2\/media?parent=2605"}],"wp:term":[{"taxonomy":"category","embeddable":true,"href":"https:\/\/www.alcove-lyon.com\/en\/wp-json\/wp\/v2\/categories?post=2605"},{"taxonomy":"post_tag","embeddable":true,"href":"https:\/\/www.alcove-lyon.com\/en\/wp-json\/wp\/v2\/tags?post=2605"}],"curies":[{"name":"wp","href":"https:\/\/api.w.org\/{rel}","templated":true}]}}